{"id":4712,"date":"2026-04-27T21:56:02","date_gmt":"2026-04-27T21:56:02","guid":{"rendered":"https:\/\/www.simultan.org\/simultan-festival-2026-against-resolution\/"},"modified":"2026-04-28T08:36:21","modified_gmt":"2026-04-28T08:36:21","slug":"simultan-festival-2026-against-resolution","status":"publish","type":"post","link":"https:\/\/www.simultan.org\/ro\/simultan-festival-2026-against-resolution\/","title":{"rendered":"SIMULTAN Festival 2026 \u2014 Against Resolution: Unfinished Thinking Undisciplined Art"},"content":{"rendered":"\n<p><strong>24 \u2013 27 09 2026<br>MX (Muzeul Corneliu Miklo\u0219i), Timi\u0219oara<\/strong><br><br><br>Edi\u021bia 21 a festivalului SIMULTAN porne\u0219te de la o \u00eentrebare simpl\u0103 \u0219i incomod\u0103: ce pierdem c\u00e2nd totul devine perfect? \u00centr-un moment \u00een care tehnologia promite rezolu\u021bie maxim\u0103 \u2014 imagini mai clare, sunete mai pure, procese mai eficiente \u2014 <em>Against Resolution<\/em> propune fric\u021biunea, imperfec\u021biunea \u0219i g\u00e2ndirea neterminat\u0103 ca practici critice legitime. Reunind teoreticieni \u0219i practicieni, edi\u021bia din acest an deschide un spa\u021biu \u00eentre atingere \u0219i algoritm, \u00eentre gest \u0219i instrument. SIMULTAN XXI \u2014 un atelier pentru un viitor incert.&nbsp;<\/p>\n\n\n\n<p>SIMULTAN a pornit \u00een 2005 dintr-o curiozitate fa\u021b\u0103 de ce era nou \u0219i din dorin\u021ba de a explora un teritoriu nedefinit, \u00een care arta video \u0219i experimentarea cu sunetul \u00ee\u0219i c\u0103utau locul \u00eentr-o scen\u0103 local\u0103 \u00een formare. De atunci, festivalul a func\u021bionat convins c\u0103 a face art\u0103 \u0219i a crea context pentru art\u0103 sunt acela\u0219i gest, c\u0103 ora\u0219ul poate fi material de lucru, nu fundal, c\u0103 hibriditatea nu e o estetic\u0103, mai degrab\u0103 un mod de a g\u00e2ndi, c\u0103 rigoarea \u0219i accesibilitatea nu se exclud. Festivalul a evoluat \u0219i s-a transformat cu contextele, spa\u021biile \u0219i situa\u021biile care l-au format.<\/p>\n\n\n\n<p>Dou\u0103zeci de edi\u021bii mai t\u00e2rziu, tehnologia nu mai este o noutate, ci un mediu ambiant. \u00centrebarea nu mai e doar cum o folose\u0219ti, ci cum g\u00e2nde\u0219ti cu ea &#8211; cum r\u0103m\u00e2i reactiv, onest, nesimulat, atunci c\u00e2nd instrumentele s-au \u00eenmul\u021bit, iar r\u0103spunsurile par s\u0103 vin\u0103 \u00eenaintea \u00eentreb\u0103rilor.<\/p>\n\n\n\n<p><\/p>\n\n\n<div class=\"wp-block-image is-style-rounded\">\n<figure class=\"aligncenter size-large\"><img decoding=\"async\" src=\"https:\/\/www.simultan.org\/wp-content\/uploads\/2023\/09\/1-vinylterror-2019.jpg\" alt=\"Vinyl- terror &amp; horror - Q&amp;A at SIMULTAN 2019 - Photo Petru Cojocaru\"\/><figcaption class=\"wp-element-caption\"><em>Vinyl- terror &amp; horror &#8211; Q&amp;A at SIMULTAN 2019 &#8211; foto Petru Cojocaru<\/em><\/figcaption><\/figure>\n<\/div>\n\n\n<p>2026 este un an de construc\u021bie, de \u00eent\u00e2lnire \u0219i dialog. <br>Pe parcursul anului, SIMULTAN dezvolt\u0103 o serie de coproduc\u021bii artistice \u00eempreun\u0103 cu organiza\u021bii locale \u0219i europene cu practici diverse, dar similare &#8211; lucr\u0103ri noi care vor circula, \u00een anii urm\u0103tori, prin re\u021beaua partenerilor interna\u021bionali.<br>\u00cen paralel, vor avea loc o serie de ateliere \u0219i sesiuni de mentorat adresate arti\u0219tilor tineri \u0219i studen\u021bilor din scena local\u0103, care propun explorarea unor unelte digitale ca mijloc de expresie \u00een produc\u021bii audiovizuale interactive \u0219i performance. Prin aceste activit\u0103\u021bi, SIMULTAN \u00eencurajeaz\u0103 dezvoltarea \u0219i consolidarea scenei artistice locale, cre\u0219terea capacit\u0103\u021bii de produc\u021bie \u0219i crearea unor noi conexiuni cu scena interna\u021bional\u0103.\u00cen perioada 24-27 septembrie, cu programe colaterale extinse p\u00e2n\u0103 \u00een 4 octombrie, festivalul devine locul \u00een care toate aceste preocup\u0103ri se \u00eent\u00e2lnesc. Edi\u021bia 21 pune accent pe dialog, prin prezent\u0103ri, mese rotunde, \u00eent\u00e2lniri \u00eentre practicieni, teoreticieni \u0219i public.<\/p>\n\n\n\n<p>Al\u0103turi de programul artistic, SIMULTAN lanseaz\u0103 o publica\u021bie tip\u0103rit\u0103 care parcurge istoricul festivalului, sus\u021binut prin eseuri, interviuri \u0219i texte critice semnate de participan\u021bi \u0219i colaboratori, care plaseaz\u0103 festivalul \u00eentr-un context mai larg \u0219i urm\u0103re\u0219te preocup\u0103rile sale transdisciplinare.<\/p>\n\n\n\n<p><\/p>\n\n\n<div class=\"wp-block-image is-style-rounded\">\n<figure class=\"aligncenter size-large\"><img decoding=\"async\" src=\"https:\/\/www.simultan.org\/wp-content\/uploads\/2024\/10\/20241004_Simultan_vineri_1DX30009-Enhanced-NR-1536x1024.jpg\" alt=\"33 live - SIMULTAN 2024, Photo Seba T\u0103taru\"\/><figcaption class=\"wp-element-caption\"><em>33 live &#8211; SIMULTAN 2024, Photo Seba T\u0103taru<\/em><\/figcaption><\/figure>\n<\/div>\n\n\n<p>Edi\u021bia din acest an se \u00eentoarce \u00een spa\u021biile MX &#8211; (Muzeul Corneliu Miklosi), un spa\u021biu impozant, cu o \u00eenc\u0103rc\u0103tur\u0103 istoric\u0103 bogat\u0103, aflat \u00een ultima, dar \u0219i cea mai complex\u0103 etap\u0103 de transformare &#8211; aceea de a deveni un centru pentru art\u0103, tehnologie \u0219i inovare.<br><br><br>Pentru a fi la curent cu nout\u0103\u021bile \u00eenscrie-te pe <a href=\"https:\/\/www.simultan.org\/ro\/newsletter\/\">newsletter<\/a><br>Al\u0103tur\u0103-te evenimentului de pe <a href=\"https:\/\/www.facebook.com\/events\/925778236932071\" target=\"_blank\" rel=\"noreferrer noopener\">facebook<\/a> \/ urm\u0103re\u0219te-ne pe <a href=\"https:\/\/www.instagram.com\/simultan_org\/\" target=\"_blank\" rel=\"noreferrer noopener\">instagram<\/a><br><br><br><\/p>\n\n\n\n<hr class=\"wp-block-separator has-alpha-channel-opacity\"\/>\n\n\n\n<p><br>SIMULTAN 2026-2027 este finan\u021bat de Municipiul Timi\u0219oara prin Centrul de Proiecte<\/p>\n\n\n\n<p>Parteneri: Obsolete Studio, Werktank, IKLECTIK, Aksioma &#8211; Institute for Contemporary Art Ljubljana, Ars Electronica, Plan Zero, SEMI SILENT, Funda\u021bia DALA, Colonia Pictorilor, The Secret Garden, Libr\u0103ria C\u0103rture\u0219ti, Ecluze pe Bega, Reziden\u021ba9<br><br>Parteneri media: Revista Arta, Teletext Platforma, Scena9, RFI Rom\u00e2nia, Revista Sunete, Zile \u0219i Nop\u021bi, Arhiva de sunet, Best of Timi\u0219oara, RRC, STPT<br><br><br><br><\/p>\n","protected":false},"excerpt":{"rendered":"<p>2026 este un an de construc\u021bie, de \u00eent\u00e2lnire \u0219i dialog.<br \/>\nProgramul aduce \u00eempreun\u0103 practicieni \u0219i teoreticieni, coproduc\u021bii noi, ateliere pentru arti\u0219ti tineri \u0219i o publica\u021bie care, pentru prima dat\u0103, pune \u00een pagin\u0103 istoria festivalului, prin prisma preocup\u0103rilor sale transdisciplinare.<\/p>\n","protected":false},"author":2,"featured_media":4713,"comment_status":"closed","ping_status":"closed","sticky":false,"template":"","format":"standard","meta":{"ngg_post_thumbnail":0,"footnotes":""},"categories":[10,15],"tags":[68],"class_list":["post-4712","post","type-post","status-publish","format-standard","has-post-thumbnail","hentry","category-events","category-news","tag-festival-ro"],"_links":{"self":[{"href":"https:\/\/www.simultan.org\/ro\/wp-json\/wp\/v2\/posts\/4712","targetHints":{"allow":["GET"]}}],"collection":[{"href":"https:\/\/www.simultan.org\/ro\/wp-json\/wp\/v2\/posts"}],"about":[{"href":"https:\/\/www.simultan.org\/ro\/wp-json\/wp\/v2\/types\/post"}],"author":[{"embeddable":true,"href":"https:\/\/www.simultan.org\/ro\/wp-json\/wp\/v2\/users\/2"}],"replies":[{"embeddable":true,"href":"https:\/\/www.simultan.org\/ro\/wp-json\/wp\/v2\/comments?post=4712"}],"version-history":[{"count":6,"href":"https:\/\/www.simultan.org\/ro\/wp-json\/wp\/v2\/posts\/4712\/revisions"}],"predecessor-version":[{"id":4721,"href":"https:\/\/www.simultan.org\/ro\/wp-json\/wp\/v2\/posts\/4712\/revisions\/4721"}],"wp:featuredmedia":[{"embeddable":true,"href":"https:\/\/www.simultan.org\/ro\/wp-json\/wp\/v2\/media\/4713"}],"wp:attachment":[{"href":"https:\/\/www.simultan.org\/ro\/wp-json\/wp\/v2\/media?parent=4712"}],"wp:term":[{"taxonomy":"category","embeddable":true,"href":"https:\/\/www.simultan.org\/ro\/wp-json\/wp\/v2\/categories?post=4712"},{"taxonomy":"post_tag","embeddable":true,"href":"https:\/\/www.simultan.org\/ro\/wp-json\/wp\/v2\/tags?post=4712"}],"curies":[{"name":"wp","href":"https:\/\/api.w.org\/{rel}","templated":true}]}}