{"id":4431,"date":"2025-10-25T13:21:00","date_gmt":"2025-10-25T13:21:00","guid":{"rendered":"https:\/\/www.simultan.org\/?p=4431"},"modified":"2026-02-09T23:45:26","modified_gmt":"2026-02-09T23:45:26","slug":"prezentare-arhiva-annart","status":"publish","type":"post","link":"https:\/\/www.simultan.org\/ro\/prezentare-arhiva-annart\/","title":{"rendered":"Prezentare Arhiva AnnART"},"content":{"rendered":"\n<p><em>it <\/em>\u2013 a space for it, Timi\u0219oara<br>joi, 30 Oct. 2025, 17:00<\/p>\n\n\n\n<p>Festivalul de Performance AnnART (1990\u20131999) a fost organizat de zece ori \u00een apropierea lacului Sf\u00e2nta Ana, format \u00eentr-un crater vulcanic din Mun\u021bii Ciomad. Scopul Arhivei AnnART este digitalizarea documenta\u021biei a peste 200 de ac\u021biuni artistice realizate de aproape 150 de arti\u0219ti locali \u0219i interna\u021bionali, precum \u0219i a demersurilor organizatorice \u0219i a document\u0103rii istoriei institu\u021bionale care au stat la baza acestora, cu scopul de a crea o arhiv\u0103 digital\u0103 public\u0103. Prin aceast\u0103 ini\u021biativ\u0103, inten\u021bion\u0103m s\u0103 cre\u0103m o infrastructur\u0103 de cercetare destinat\u0103 cercet\u0103rilor ulterioare despre fenomenele de art\u0103 contemporan\u0103, arti\u0219tii \u0219i operele create \u00een acest context, precum \u0219i discursul public ce s-a format \u00een jurul lor.<\/p>\n\n\n\n<p>Valul de performance care s-a conturat \u00een arta vizual\u0103 din Europa Central\u0103 \u0219i de Est s-a legat organic de o perioad\u0103 intens\u0103 din punct de vedere emo\u021bional. Schimbarea de regim din 1989 a f\u0103cut posibil\u0103 (re)apropierea spa\u021biului public, care, odat\u0103 cu dispari\u021bia cenzurii, s-a putut \u00eenc\u0103rca cu noi con\u021binuturi, forme de exprimare \u0219i posibilit\u0103\u021bi de colaborare. <br>Documenta\u021bia AnnART, realizat\u0103 prin activitatea de arhivare minu\u021bioas\u0103 a artistului Guszt\u00e1v \u00dct\u0151, organizatorul principal al festivalului, ne ofer\u0103 o colec\u021bie bogat\u0103 ce permite o reevaluare critic\u0103 a perioadei de tranzi\u021bie \u2013 at\u00e2t pentru comunitatea profesional\u0103 format\u0103 \u00een jurul festivalului, c\u00e2t \u0219i pentru publicul larg.<br>Proiectul de arhivare este esen\u021bial pentru transmiterea patrimoniului cultural al regiunii \u0219i pentru \u00een\u021belegerea eforturilor de autoorganizare ale societ\u0103\u021bii civile, care s-a conectat treptat la re\u021bele interna\u021bionale. Prin elaborarea unor metodologii muzeografice dedicate performance-ului \u0219i formelor de art\u0103 efemer\u0103, proiectul contribuie la reactivarea comunitar\u0103 a acestui patrimoniu intelectual.<\/p>\n\n\n\n<p>\u00cen cadrul prezent\u0103rii, \u00c1gnes Evelin Kisp\u00e1l, Attila Kisp\u00e1l \u0219i Szil\u00e1rd Mikl\u00f3s, curatorii proiectului de arhiv\u0103, vor vorbi despre obiectivele proiectului, provoc\u0103rile metodologice \u0219i realiz\u0103rile de p\u00e2n\u0103 acum, prezent\u00e2nd totodat\u0103 o selec\u021bie de materiale video \u0219i imagini din arhiv\u0103.<\/p>\n\n\n\n<p><a href=\"http:\/\/annart.magma.ro\/?fbclid=IwZXh0bgNhZW0CMTAAYnJpZBEwcUtpN085dXJvYUswM3RRWHNydGMGYXBwX2lkEDIyMjAzOTE3ODgyMDA4OTIAAR4DtejvD3auy8hdigHswF5t--a8ZhxBIBxZ9f2-VQTeN1VRKqGEDLWci3bO6Q_aem_2w9_r3HxjQAYEIVU6tyGGA\" rel=\"noreferrer noopener\" target=\"_blank\">http:\/\/annart.magma.ro<\/a><\/p>\n\n\n\n<p>&#8211;<br>Organizatori: Asocia\u021bia Medium Contemporan MAGMA &amp; SIMULTAN.org<br>Co-finan\u021bat de AFCN \u2013 Administra\u021bia Fondului Cultural Na\u021bional <br>Parteneri: Funda\u021bia ETNA, Muzeul Na\u0163ional Secuiesc, Consiliul Jude\u021bean Covasna<\/p>\n\n\n\n<p class=\"has-small-font-size\"><br>Imagine: Arhiva Funda\u0163iei Etna (AnnART8, 1997)<\/p>\n\n\n\n<p><\/p>\n\n\n\n<p><\/p>\n","protected":false},"excerpt":{"rendered":"<p>Proiectul Arhiva AnnART exploreaz\u0103 arta performance \u0219i o contextualizeaz\u0103 printr-o metod\u0103 de arhivare deschis\u0103.<br \/>\n\u00cen cadrul prezent\u0103rii, \u00c1gnes Evelin Kisp\u00e1l, Attila Kisp\u00e1l \u0219i Szil\u00e1rd Mikl\u00f3s, curatorii proiectului de arhiv\u0103, vor vorbi despre procesul de arhivare, prezent\u00e2nd totodat\u0103 o selec\u021bie de materiale video \u0219i imagini din arhiv\u0103.<\/p>\n","protected":false},"author":2,"featured_media":4432,"comment_status":"closed","ping_status":"closed","sticky":false,"template":"","format":"standard","meta":{"ngg_post_thumbnail":0,"footnotes":""},"categories":[15],"tags":[106],"class_list":["post-4431","post","type-post","status-publish","format-standard","has-post-thumbnail","hentry","category-news","tag-prezentare"],"_links":{"self":[{"href":"https:\/\/www.simultan.org\/ro\/wp-json\/wp\/v2\/posts\/4431","targetHints":{"allow":["GET"]}}],"collection":[{"href":"https:\/\/www.simultan.org\/ro\/wp-json\/wp\/v2\/posts"}],"about":[{"href":"https:\/\/www.simultan.org\/ro\/wp-json\/wp\/v2\/types\/post"}],"author":[{"embeddable":true,"href":"https:\/\/www.simultan.org\/ro\/wp-json\/wp\/v2\/users\/2"}],"replies":[{"embeddable":true,"href":"https:\/\/www.simultan.org\/ro\/wp-json\/wp\/v2\/comments?post=4431"}],"version-history":[{"count":3,"href":"https:\/\/www.simultan.org\/ro\/wp-json\/wp\/v2\/posts\/4431\/revisions"}],"predecessor-version":[{"id":4475,"href":"https:\/\/www.simultan.org\/ro\/wp-json\/wp\/v2\/posts\/4431\/revisions\/4475"}],"wp:featuredmedia":[{"embeddable":true,"href":"https:\/\/www.simultan.org\/ro\/wp-json\/wp\/v2\/media\/4432"}],"wp:attachment":[{"href":"https:\/\/www.simultan.org\/ro\/wp-json\/wp\/v2\/media?parent=4431"}],"wp:term":[{"taxonomy":"category","embeddable":true,"href":"https:\/\/www.simultan.org\/ro\/wp-json\/wp\/v2\/categories?post=4431"},{"taxonomy":"post_tag","embeddable":true,"href":"https:\/\/www.simultan.org\/ro\/wp-json\/wp\/v2\/tags?post=4431"}],"curies":[{"name":"wp","href":"https:\/\/api.w.org\/{rel}","templated":true}]}}