{"id":3183,"date":"2023-11-14T02:17:54","date_gmt":"2023-11-14T02:17:54","guid":{"rendered":"https:\/\/www.simultan.org\/progres-paradigm-shifts-2023\/"},"modified":"2023-11-20T16:57:52","modified_gmt":"2023-11-20T16:57:52","slug":"progres-schimbari-de-paradima-2023","status":"publish","type":"post","link":"https:\/\/www.simultan.org\/ro\/progres-schimbari-de-paradima-2023\/","title":{"rendered":"Progres. Schimb\u0103ri de paradim\u0103 #5"},"content":{"rendered":"\n<p><strong><em>ACADEMIA MUNCII<\/em><\/strong><br><br>16 \u2013 19 NOV. 2023<br>MX (Muzeul Corneliu Miklo\u0219i \u0219i fostel\u0219e ateliere STPT)<br>\u27a4 DESCHIDERE 16 NOV, 7PM<\/p>\n\n\n\n<p><strong>Curator Arne Hendriks \u0219i \u0218tefan Tiron<\/strong><\/p>\n\n\n\n<hr class=\"wp-block-separator has-alpha-channel-opacity\"\/>\n\n\n\n<p><a href=\"https:\/\/paradigmshifts.simultan.org\/\" target=\"_blank\" rel=\"noreferrer noopener\">PAGINA PROIECTULUI<\/a> \/ <a href=\"https:\/\/www.facebook.com\/events\/1139362020111750\/\" target=\"_blank\" rel=\"noreferrer noopener\">EVENIMENT FB<\/a><\/p>\n\n\n\n<hr class=\"wp-block-separator has-alpha-channel-opacity\"\/>\n\n\n\n<p><\/p>\n\n\n\n<p>Ca o concluzie a cooper\u0103rii \u00een cadrul <em><strong>Progres. Schimb\u0103ri de paradigm\u0103 #5<\/strong><\/em> cu titlul <em><strong>Academia muncii<\/strong> <\/em>(Academy of Work) &#8211; seria de proiecte demarate de Arne Hendriks, vom \u00eenscena \u0219i organiza pe parcursul a 4 zile o techno-oper\u0103.<\/p>\n\n\n\n<p>Acest exerci\u021biu de improviza\u021bie liber\u0103 va trezi la via\u021b\u0103 sufletul pionierului managementului \u0219tiin\u021bific, scriitorul si poetului avangardist Aleksei Gastev (1882-1939), al\u0103turi de re\u00eencarnarea nutri\u021bionistului, diabetologului \u0219i promotorului ra\u021bionaliz\u0103rii hranei Iulian Mincu (1927-2015), \u00eemprun\u0103 cu spiritele fo\u0219tilor muncitori din fabricile si industriile de stat acum abandonate, precum \u0219i cenu\u0219a unui Muzeu al Ciocanelor imaginar.<br>Din r\u0103m\u0103\u0219i\u021bele acestea de poveste, mari \u0219i mici, vom c\u00e2nta \u0219i vom sculpta o nou\u0103 viziune a omului ca muzician, ca femeie, ca fugar al unor idealuri imposibile \u0219i zone de conflict. Ca artist si refugiat, venind ca un eliberator din viitor, sc\u0103p\u00e2ndu-ne de starea actual\u0103 de inegalitate cresc\u00e2nd\u0103.<\/p>\n\n\n\n<p>Haide s\u0103 fii parte integrant\u0103 dintr-un jam session extins, nu roti\u021b\u0103 dintr-o ma\u0219in\u0103rie ci parte din memoria extern\u0103, cor de voci obi\u0219nuite, microfon deschis \u00eentr-un cinema semi-abandonat de la marginea ora\u0219ului unde ruleaz\u0103 documentare uitate.<br>Acesta este locul urgen\u021belor \u0219i emergen\u021belor, al f\u0103cutului \u0219i reparatului, al celebr\u0103rii, al darului \u0219i d\u0103ruirii, al memoriei \u0219i uit\u0103rii. Un moment \u00eent\u00e2mpl\u0103tor \u00een timp \u0219i spa\u021biu care s\u0103 ne elibereze de omul cu ciocanul din noi to\u021bi.<\/p>\n\n\n\n<p>\u00cen acela\u0219i clip\u0103, Academia Muncii coexist\u0103 cu diferite proiecte artistice, precum \u0219i o pies\u0103 nou\u0103 de teatru, opera unor artiste \u0219i arti\u0219ti, autori de comics, muncitori culturali care ne \u00eencurajeaz\u0103 s\u0103 percepem at\u00e2t trecutul dificil c\u00e2t \u0219i viitorul nesigur care lucreaz\u0103 omniprezent.<br><br><\/p>\n\n\n\n<figure class=\"wp-block-image size-large\"><img loading=\"lazy\" decoding=\"async\" width=\"1024\" height=\"731\" src=\"https:\/\/www.simultan.org\/wp-content\/uploads\/2023\/11\/work-academy-tm-1-1024x731.jpg\" alt=\"\" class=\"wp-image-3215\" srcset=\"https:\/\/www.simultan.org\/wp-content\/uploads\/2023\/11\/work-academy-tm-1-1024x731.jpg 1024w, https:\/\/www.simultan.org\/wp-content\/uploads\/2023\/11\/work-academy-tm-1-300x214.jpg 300w, https:\/\/www.simultan.org\/wp-content\/uploads\/2023\/11\/work-academy-tm-1-768x548.jpg 768w, https:\/\/www.simultan.org\/wp-content\/uploads\/2023\/11\/work-academy-tm-1-1536x1096.jpg 1536w, https:\/\/www.simultan.org\/wp-content\/uploads\/2023\/11\/work-academy-tm-1-338x241.jpg 338w, https:\/\/www.simultan.org\/wp-content\/uploads\/2023\/11\/work-academy-tm-1.jpg 1904w\" sizes=\"auto, (max-width: 1024px) 100vw, 1024px\" \/><\/figure>\n\n\n\n<hr class=\"wp-block-separator has-alpha-channel-opacity\"\/>\n\n\n\n<p><br><em><strong>Escape from Timi\u0219oara<\/strong><\/em> este un proiect \u00een mi\u0219care de Vlad Cadar, o plut\u0103 \u00eenc\u0103p\u0103toare confec\u021bionat\u0103 \u0219i testat\u0103 \u00een apele tulburi ale prezentului dar care ofer\u0103 un punct de sprijin pentru existen\u021bele noastre extremofile \u0219i aflate \u00een deriv\u0103.<br>\u21b3\u00a0Se poate vizita Joi-Vineri 19-21h; S\u00e2mb-Dum 15-20h<\/p>\n\n\n\n<p>Kosmos.DIY \u2013 o noua ini\u021biativ\u0103 \u0219i spa\u021biu alternativ din Timi\u0219oara expune <strong><em>Pavilionul de Micro Galerii<\/em><\/strong>, co-curatoriat de Erik Kun cu lucr\u0103ri de Lucian B\u0103d\u0103rau, \u0218tefana Hatnean, Elena Ilin &amp; Diana Panduru, Andrei Verdes, \u0219i \u00een perioada resurselor limitate \u0219i a bugetelor lips\u0103.<br>\u21b3 Se poate vizita Joi-Vineri 19-21h; S\u00e2mb-Dum 15-20h<\/p>\n\n\n\n<p>Lucian Barbu va expune dou\u0103 benzi desenate intitulate <strong><em>CSSM CT \u2013 (Comisia de S\u0103n\u0103tate \u0219i Securitate \u00een Munc\u0103 Cugir-Timi\u0219oara)<\/em><\/strong>: Fabrica de armament Cugir \u0219i IUGTC: un protest\u201d \u2013 cu detalii din experien\u021ba personal\u0103 \u0219i dintr-o perspectiv\u0103 istoric\u0103 a condi\u021biilor de munc\u0103 din epoca industrializ\u0103rii grele.<br>\u21b3 Se poate vizita Joi-Vineri 19-21h; S\u00e2mb-Dum 15-20h<\/p>\n\n\n\n<p>Ciprian Homorodean, prin colec\u021bia lui de unelte <strong><em>tools as TOOLS<\/em><\/strong>, ne \u00eendeamn\u0103 s\u0103 avem \u00eencredere \u00een poten\u021bialul transformativ al uneltelor \u0219i \u00een rolul lor permanent \u00een \u00eembun\u0103t\u0103\u021birea umanit\u0103\u021bii.<br>\u21b3 Se poate vizita Joi-Vineri 19-21h; S\u00e2mb-Dum 15-20h<\/p>\n\n\n\n<p><em><strong>Lighting my City Up<\/strong><\/em>\u2013 va avea premiera in cadrul Academiei Muncii, pies\u0103 regizat\u0103 de Vlad Cadar \u0219i Nana Balint, av\u00e2nd \u00een rolurile principale pe George Balint, Gavril Pop \u0219i Ilior Sp\u0103tar, gata s\u0103 pun\u0103 \u00een scen\u0103 \u0219i s\u0103 ne confrunte cu viitorul incert al Timi\u0219oarei.<br>\u21b3 Reprezenta\u021biile au loc Vineri 19h; S\u00e2mb 16h; Dum 17h<\/p>\n\n\n\n<p>Miya Yoshida, curatoare, lector \u0219i practician cultural stabilit\u0103 la Berlin, va explora ascultarea ca \u0219i act &#8211; prin imagini, sunet \u0219i poezie, \u00eentr-o prezentare intitulat\u0103 <em><strong>Mimi o Sumasu (The Very Act of Listening)<\/strong><\/em>.<br>\u21b3 Prezentarea are loc S\u00e2mb 17:30-18:30h<\/p>\n\n\n\n<p>Duo-ul Makunouchi Bento va invoca \u00een ultima zi <em><strong>The Virtual Bluescreen-Collar Choir<\/strong><\/em> \u2013 un cor omniprezent de fiin\u021be sintetice, de servo-motoare ajut\u0103toare \u0219i for\u021be de munc\u0103 ma\u0219inice care se al\u0103tura masei fantomelor sindicaliz\u0103rii lips\u0103, al disponibiliz\u0103rilor trecute, prezente \u0219i viitoare.<br>\u21b3 performance-ul are loc S\u00e2mb 19h<\/p>\n\n\n\n<p><br>Evenimentul va g\u0103zdui \u0219i o serie de prezent\u0103ri \u0219i discu\u021bii cu publicul care urmeaz\u0103 sa fie anun\u021bate pe parcurs.<\/p>\n\n\n\n<hr class=\"wp-block-separator has-alpha-channel-opacity\"\/>\n\n\n\n<p><br>Ini\u021biat de Asocia\u021bia Simultan \u00een 2020, proiectul Progres. Schimb\u0103ri de Paradigm\u0103 propunea s\u0103 reflecteze asupra istoriei \u0219i patrimoniului industrial din Timi\u0219oara, printr-un proces de cercetare artistic\u0103 \u0219i diferite ac\u021biuni \u0219i interven\u021bii artistice.<br><br>Un proiect dezvoltat de&nbsp;<a href=\"https:\/\/l.facebook.com\/l.php?u=http%3A%2F%2FSIMULTAN.org%2F%3Ffbclid%3DIwAR3aiqUiq8ZN9mlIKbQw5sHtBgXFpkmqeIKUNO-1E5A7mEtf35gmYu6PkB0&amp;h=AT2kYs_DIZeGjR78ZP6LZfVxR-sy01eAKE12pOh4jZaMMX2hpRO67AZRZX3FqJbtlgblABgA4l-meXW7N8fW98VS5RpZeTIw4hE5g3Dc3G2tkuEodR86iN_wscK0q3mFPg&amp;__tn__=q&amp;c[0]=AT21-neYlpzoIXNjYKnKYHWboA9h-bBLtCNzfWXPG5G-1t-fgSNKqq7booiNtXZnp05e9zNu_yKbboumywHefMVV2qwgbCqgQuE2PO2QcruG4AOWOeifP6PnkNspEyVrtDiIjkFAjOsNHAEtnkWAOUo8E3-L\" target=\"_blank\" rel=\"noreferrer noopener\">SIMULTAN.org<\/a>, parte a programului \u2013 Lumini captivante \u2013 Timi\u0219oara 2023<br>Finan\u021bat de Municipiul Timi\u0219oara prin <a href=\"https:\/\/centruldeproiecte.ro\/\" target=\"_blank\" rel=\"noreferrer noopener\">Centrul de Proiecte<\/a>.<br>Realizat cu sprijinul <a href=\"https:\/\/www.eu-japanfest.org\/en\" target=\"_blank\" rel=\"noreferrer noopener\">Eu-Japan Fest<\/a><br>Partener STPT<br>Parteneri media <a href=\"https:\/\/revistaarta.ro\/en\/\" target=\"_blank\" rel=\"noreferrer noopener\">Revista Arta<\/a>, <a href=\"https:\/\/tltxt.ro\/\" target=\"_blank\" rel=\"noreferrer noopener\">TLTXT<\/a><\/p>\n\n\n\n<p><\/p>\n\n\n\n<p><\/p>\n\n\n\n<p><\/p>\n","protected":false},"excerpt":{"rendered":"<p>Haide s\u0103 fii parte integrant\u0103 dintr-un jam session extins, nu roti\u021b\u0103 dintr-o ma\u0219in\u0103rie ci parte din memoria extern\u0103, cor de voci obi\u0219nuite, microfon deschis \u00eentr-un cinema semi-abandonat de la marginea ora\u0219ului unde ruleaz\u0103 documentare uitate.<br \/>\nAcesta este locul urgen\u021belor \u0219i emergen\u021belor, al f\u0103cutului \u0219i reparatului, al celebr\u0103rii, al darului \u0219i d\u0103ruirii, al memoriei \u0219i uit\u0103rii. Un moment \u00eent\u00e2mpl\u0103tor \u00een timp \u0219i spa\u021biu care s\u0103 ne elibereze de omul cu ciocanul din noi to\u021bi.<\/p>\n","protected":false},"author":2,"featured_media":3171,"comment_status":"closed","ping_status":"closed","sticky":false,"template":"","format":"standard","meta":{"ngg_post_thumbnail":0,"footnotes":""},"categories":[10,15],"tags":[59],"class_list":["post-3183","post","type-post","status-publish","format-standard","has-post-thumbnail","hentry","category-events","category-news","tag-paradigmshifts-2"],"_links":{"self":[{"href":"https:\/\/www.simultan.org\/ro\/wp-json\/wp\/v2\/posts\/3183","targetHints":{"allow":["GET"]}}],"collection":[{"href":"https:\/\/www.simultan.org\/ro\/wp-json\/wp\/v2\/posts"}],"about":[{"href":"https:\/\/www.simultan.org\/ro\/wp-json\/wp\/v2\/types\/post"}],"author":[{"embeddable":true,"href":"https:\/\/www.simultan.org\/ro\/wp-json\/wp\/v2\/users\/2"}],"replies":[{"embeddable":true,"href":"https:\/\/www.simultan.org\/ro\/wp-json\/wp\/v2\/comments?post=3183"}],"version-history":[{"count":16,"href":"https:\/\/www.simultan.org\/ro\/wp-json\/wp\/v2\/posts\/3183\/revisions"}],"predecessor-version":[{"id":3222,"href":"https:\/\/www.simultan.org\/ro\/wp-json\/wp\/v2\/posts\/3183\/revisions\/3222"}],"wp:featuredmedia":[{"embeddable":true,"href":"https:\/\/www.simultan.org\/ro\/wp-json\/wp\/v2\/media\/3171"}],"wp:attachment":[{"href":"https:\/\/www.simultan.org\/ro\/wp-json\/wp\/v2\/media?parent=3183"}],"wp:term":[{"taxonomy":"category","embeddable":true,"href":"https:\/\/www.simultan.org\/ro\/wp-json\/wp\/v2\/categories?post=3183"},{"taxonomy":"post_tag","embeddable":true,"href":"https:\/\/www.simultan.org\/ro\/wp-json\/wp\/v2\/tags?post=3183"}],"curies":[{"name":"wp","href":"https:\/\/api.w.org\/{rel}","templated":true}]}}