{"id":2549,"date":"2022-05-24T17:12:13","date_gmt":"2022-05-24T17:12:13","guid":{"rendered":"https:\/\/www.simultan.org\/?p=1420"},"modified":"2023-09-19T13:13:42","modified_gmt":"2023-09-19T13:13:42","slug":"where-art-thou-2022-apel-deschis","status":"publish","type":"post","link":"https:\/\/www.simultan.org\/ro\/where-art-thou-2022-apel-deschis\/","title":{"rendered":"Where ART Thou? 2022\u00a0&#8211; Apel deschis pentru ateliere"},"content":{"rendered":"\n<p><strong>IUNIE &#8211; IULIE. 2022, TIMI\u0218OARA \/ BUCURE\u0218TI<\/strong><\/p>\n\n\n\n<hr class=\"wp-block-separator has-text-color has-black-color has-css-opacity has-black-background-color has-background is-style-default\"\/>\n\n\n\n<p>Where ART Thou?&nbsp;este un proiect ini\u021biat de&nbsp;<a href=\"https:\/\/www.facebook.com\/RezidentaBRDScena9\">Reziden\u021ba BRD Scena9<\/a>&nbsp;\u00een parteneriat cu&nbsp;<a href=\"https:\/\/www.simultan.org\/\">Simultan festival<\/a>.&nbsp;WhAT&nbsp;este conceput ca un eveniment anual \u00een jurul artei, \u0219tiin\u021belor sociale \u0219i umaniste \u00een care tehnologia este at\u00e2t o metod\u0103, un instrument de produc\u021bie \u0219i comunicare, c\u00e2t \u0219i o surs\u0103 de inspira\u021bie. WhAT&nbsp;readuce \u0219i \u00een 2022 \u00een aten\u021bia publicului discu\u021biile pe tema conexiunilor existente \u00eentre art\u0103, noile tehnologii \u0219i societate.&nbsp;<\/p>\n\n\n\n<p>Conceptul WhAT 2022 mizeaz\u0103 pe statusul invizibilit\u0103\u021bii individuale sau colective \u00een \u00eencercarea de a proteja identitatea individual\u0103 \u00een interac\u021biunea din mediul digital. Totodat\u0103,&nbsp;ofer\u0103 o analiz\u0103 critic\u0103 asupra aspectelor de exploatare \u0219i control ale tehnologiei digitale, con\u0219tientizarea situa\u021biei \u0219i a posibilelor consecin\u021be ale utiliz\u0103rilor actuale ale noilor tehnologii, re\u021belele sociale, big data \u0219i sistemele de supraveghere.<\/p>\n\n\n\n<p>\u00cen acest an, programul propune dou\u0103 dimensiuni:<br>O serie de 6 ateliere intensive de formare \u0219i mentorat sus\u021binute de teoreticieni \u0219i practicieni rom\u00e2ni \u0219i interna\u021bionali, cu preocup\u0103ri constante \u00een a ceea ce \u00eensemna impactul tehnologiei asupra societ\u0103\u021bii.&nbsp;<br>O expozi\u021bie itinerant\u0103 ce va rezulta din selec\u021bia a 3-5 dintre cele mai bune idei \u00een urma particip\u0103rii la atelierele de formare.<\/p>\n\n\n\n<p>Atelierele vor avea loc la Bucure\u0219ti \u0219i Timi\u0219oara.<\/p>\n\n\n\n<hr class=\"wp-block-separator has-css-opacity\"\/>\n\n\n\n<p><br><strong>ATELIERE TIMI\u0218OARA<\/strong><\/p>\n\n\n\n<p><strong>22 &#8211; 24 iunie | <a rel=\"noreferrer noopener\" href=\"https:\/\/www.kingston.ac.uk\/staff\/profile\/professor-peter-osborne-392\/\" target=\"_blank\">Peter Osborne <\/a>(UK) &#8211; <em>Trei stadii ale supravegherii<\/em><\/strong><br>Pornind de la c\u00e2teva teorii ale supravegherii, atelierul se va concentra pe cele 3 stadii ale supravegherii: apari\u021bia, dezv\u0103luirea \u0219i dramatizarea supravegherii.<br><strong>Deadline: 20 iunie, ora 12:00<\/strong><\/p>\n\n\n\n<p><strong>25 &#8211; 27 iunie | <a rel=\"noreferrer noopener\" href=\"https:\/\/www.ccea.ro\/radu-uszkai\/\" target=\"_blank\">Radu Uszkai <\/a>(RO) &#8211; <em>Etica supravegherii \u0219i panopticonul digital\/algoritmic<\/em><\/strong><br>Tema central\u0103 a atelierului rezid\u0103 \u00een decuparea \u0219i analizarea mizelor \u0219i riscurilor etice ale<br>noilor tehnologii digitale \u0219i algoritmice ale supravegherii.<br><strong>Deadline: 22 iunie, ora 12:00<\/strong><\/p>\n\n\n\n<p><strong>29 iunie &#8211; 1 iulie | <a rel=\"noreferrer noopener\" href=\"https:\/\/nimon.org\/en\" target=\"_blank\">Nicolas Montgermont<\/a> (FR) &#8211; <em>Explorarea spectrumului radio<\/em><\/strong><br>\u00cen cadrul atelierului, participan\u021bii vor putea explora complexitatea undelor radio artificiale \u0219i naturale ( Wifi, radio FM, Bluetooth, cuptoare cu microunde, tunete, sateli\u021bi, avioane, TV.)<br><strong>Deadline: 27 iunie, ora 12:00<\/strong><\/p>\n\n\n\n<p><br><strong>ATELIERE BUCURE\u0218TI<\/strong><\/p>\n\n\n\n<p><strong>10-12 iunie|<\/strong> <a href=\"https:\/\/www.collectivevoid.com\/\" target=\"_blank\" rel=\"noreferrer noopener\"><strong>Arnaud Eeckhout \u0219i Maur<\/strong><\/a><strong><a href=\"https:\/\/www.collectivevoid.com\/\" target=\"_blank\" rel=\"noreferrer noopener\">o Vitturini <\/a>(BE) &#8211; <em>Limbaj, sunet \u0219i control<\/em><\/strong><br>Atelierul propune o analiz\u0103 a substraturilor artistice, filosofice&nbsp;\u0219i sociale ale sunetului ca form\u0103 de control, instrument de arhivare \u0219i urm\u0103rire, dar \u0219i ca arm\u0103.<\/p>\n\n\n\n<p><strong>17-19 iunie | <a href=\"https:\/\/monochrom.at\/blog\/\" target=\"_blank\" rel=\"noreferrer noopener\">Johannes Grenzfurthner<\/a> (AT) &#8211; <em>Context Hacking<\/em><\/strong><br>Termenul&nbsp;<em>context hacking<\/em>&nbsp;este un stil specific de ac\u0163iune politic\u0103 care se bazeaz\u0103 pe o analiz\u0103 atent\u0103 a paradoxului de putere, transform\u00e2nd-o&nbsp;\u00een punctul de plecare pentru interven\u021bii subversive.<\/p>\n\n\n\n<p><strong>1-3 iulie | <a href=\"https:\/\/www.chootka.com\/\" target=\"_blank\" rel=\"noreferrer noopener\">Sarah Grant<\/a> (USA\/DE) &#8211; <em>Supravegherea \u00een diferite contexte<\/em><\/strong><br>Atelierul se va concentra pe aprofundarea termenului de supraveghere \u00een diferite contexte \u0219i pe opera\u021bionalizarea ideilor propuse de participan\u021bii selecta\u021bi.<br><br><\/p>\n\n\n\n<hr class=\"wp-block-separator has-css-opacity\"\/>\n\n\n\n<p><strong>\u00ceNSCRIERI<\/strong><\/p>\n\n\n\n<p>Programul se adreseaz\u0103 celor care-\u0219i doresc s\u0103 dezvolte idei \u00eentr-un cadru colaborativ (arti\u0219ti, creativi, programatori, dar \u0219i teoreticieni din Rom\u00e2nia) \u0219i s\u0103 realizeze proiecte artistice sau teoretice care intersecteaz\u0103 arta, tehnologia \u0219i societatea. \u00cencuraj\u0103m s\u0103 se \u00eenscrie persoane cu interes \u0219i cu o minim\u0103 experien\u021b\u0103 practic\u0103 sau activitate teoretic\u0103 \u00een utilizarea \u0219i aplicarea noilor tehnologii \u00een contexte culturale, indiferent de domeniul artistic \u00een care activeaz\u0103.<\/p>\n\n\n\n<p>Selec\u021bia participan\u021bilor la cele 6 ateliere va fi realizat\u0103 de c\u0103tre curatorii \u0219i echipa de proiect. <\/p>\n\n\n\n<p>Participan\u021bii ale&nbsp;c\u0103ror lucr\u0103ri o s\u0103 fie selectate pentru a fi produse vor primi un onorariu \u0219i un buget de produc\u021bie, \u00een func\u021bie de nevoile lucr\u0103rii.<\/p>\n\n\n\n<p>\u00censcrierile la ateliere se fac complet\u00e2nd formularul de <a rel=\"noreferrer noopener\" href=\"https:\/\/docs.google.com\/forms\/d\/e\/1FAIpQLSdi-nqpsdf-TeEmO1jEm1679zD6zRFh7hgNvATZWqm5-Dj-Bw\/viewform?fbclid=IwAR15I4Z7SbSj1BdVD3KXxLyaBZ39R9Y4tJP-Da993zdCDmY4MQ4CNLWoX-E\" target=\"_blank\">aici<\/a>.<br>Participarea la ateliere este gratuit\u0103.<\/p>\n\n\n\n<p>Mai multe detalii despre program <a href=\"https:\/\/www.fundatia9.ro\/program\/where-art-thou\" target=\"_blank\" rel=\"noreferrer noopener\">aici<\/a>.<\/p>\n\n\n\n<hr class=\"wp-block-separator has-css-opacity\"\/>\n\n\n\n<p>Where ART Thou este finan\u021bat de Municipiul Timi\u0219oara, prin&nbsp;<a href=\"https:\/\/centruldeproiecte.ro\/\" target=\"_blank\" rel=\"noreferrer noopener\">Centrul de Proiect<\/a><a href=\"https:\/\/centruldeproiecte.ro\/\">e<\/a>&nbsp;\u0219i de <a href=\"https:\/\/www.fundatia9.ro\/\" target=\"_blank\" rel=\"noreferrer noopener\">Funda\u021bia9<\/a>.<br>Partener de produc\u021bie \u00een Timi\u0219oara <a href=\"https:\/\/planzero.ro\/\" target=\"_blank\" rel=\"noreferrer noopener\">Plan Zero<\/a>.<br><br><\/p>\n\n\n\n<p><\/p>\n\n\n\n<p><\/p>\n","protected":false},"excerpt":{"rendered":"<p>Structurat \u00een dou\u0103 etape, programul se adreseaz\u0103 celor care-\u0219i doresc s\u0103 dezvolte idei \u00eentr-un cadru colaborativ (arti\u0219ti, creativi, programatori, dar \u0219i g\u00e2nditorii din Rom\u00e2nia) \u0219i s\u0103 realizeze proiecte artistice sau teoretice care intersecteaz\u0103 arta, tehnologia \u0219i societatea.<\/p>\n","protected":false},"author":3,"featured_media":2775,"comment_status":"closed","ping_status":"closed","sticky":false,"template":"","format":"standard","meta":{"ngg_post_thumbnail":0,"footnotes":""},"categories":[15,53,48],"tags":[34,39],"class_list":["post-2549","post","type-post","status-publish","format-standard","has-post-thumbnail","hentry","category-news","category-ro","category-workshop-en","tag-opencall-en","tag-workshop-en"],"_links":{"self":[{"href":"https:\/\/www.simultan.org\/ro\/wp-json\/wp\/v2\/posts\/2549","targetHints":{"allow":["GET"]}}],"collection":[{"href":"https:\/\/www.simultan.org\/ro\/wp-json\/wp\/v2\/posts"}],"about":[{"href":"https:\/\/www.simultan.org\/ro\/wp-json\/wp\/v2\/types\/post"}],"author":[{"embeddable":true,"href":"https:\/\/www.simultan.org\/ro\/wp-json\/wp\/v2\/users\/3"}],"replies":[{"embeddable":true,"href":"https:\/\/www.simultan.org\/ro\/wp-json\/wp\/v2\/comments?post=2549"}],"version-history":[{"count":1,"href":"https:\/\/www.simultan.org\/ro\/wp-json\/wp\/v2\/posts\/2549\/revisions"}],"predecessor-version":[{"id":2566,"href":"https:\/\/www.simultan.org\/ro\/wp-json\/wp\/v2\/posts\/2549\/revisions\/2566"}],"wp:featuredmedia":[{"embeddable":true,"href":"https:\/\/www.simultan.org\/ro\/wp-json\/wp\/v2\/media\/2775"}],"wp:attachment":[{"href":"https:\/\/www.simultan.org\/ro\/wp-json\/wp\/v2\/media?parent=2549"}],"wp:term":[{"taxonomy":"category","embeddable":true,"href":"https:\/\/www.simultan.org\/ro\/wp-json\/wp\/v2\/categories?post=2549"},{"taxonomy":"post_tag","embeddable":true,"href":"https:\/\/www.simultan.org\/ro\/wp-json\/wp\/v2\/tags?post=2549"}],"curies":[{"name":"wp","href":"https:\/\/api.w.org\/{rel}","templated":true}]}}